{"id":12617,"date":"2025-08-27T17:26:17","date_gmt":"2025-08-27T20:26:17","guid":{"rendered":"https:\/\/bodegaloscerrosdesanjuan.com\/?p=12617"},"modified":"2026-01-13T20:16:19","modified_gmt":"2026-01-13T23:16:19","slug":"vinos-uruguayos-tim-atkin-2025-cerros-de-san-juan","status":"publish","type":"post","link":"https:\/\/bodegaloscerrosdesanjuan.com\/en\/noticias\/vinos-uruguayos-tim-atkin-2025-cerros-de-san-juan\/","title":{"rendered":"19 vinos de nuestra bodega reconocidos con m\u00e1s de 90 puntos en la Gu\u00eda Tim Atkin 2025"},"content":{"rendered":"<p>Este reconocimiento internacional vuelve a destacar la calidad y diversidad de nuestra bodega, consolidando a Los Cerros de San Juan como un referente en los vinos uruguayos de excelencia. Este a\u00f1o, nuestra bodega celebra con orgullo el reconocimiento de <strong>19 etiquetas destacadas con m\u00e1s de 90 puntos<\/strong>, consolidando la excelencia y la diversidad de nuestro portafolio.<\/p>\n<h3 style=\"color: #bfa95d;\">Dos grandes blancos en la cima: 94 puntos<\/h3>\n<p>Los siguientes vinos se posicionaron entre los mejores blancos de Uruguay, destacando la frescura y elegancia de nuestro terru\u00f1o en Colonia:<\/p>\n<div style=\"display: grid; grid-template-columns: repeat(auto-fill, minmax(260px, 1fr)); gap: 16px; margin-top: 15px;\">\n<div style=\"display: flex; align-items: center; background: #fff; border: 3px solid #BFA95D; border-radius: 10px; padding: 14px 16px; font-weight: bold; color: #000;\">\n<p><img decoding=\"async\" style=\"height: 64px; margin-right: 12px;\" src=\"https:\/\/bodegaloscerrosdesanjuan.com\/wp-content\/uploads\/2022\/07\/Lahusen-Gewurztraminer-2020.jpg\" alt=\"botella Familie Lahusen Albari\u00f1o 2024 \u2013 94 pts\" \/><\/p>\n<div style=\"display: flex; align-items: center;\"><img decoding=\"async\" style=\"width: 24px; height: 24px; margin-right: 8px;\" src=\"https:\/\/bodegaloscerrosdesanjuan.com\/wp-content\/uploads\/2025\/07\/medalla-de-oro.png\" alt=\"medalla\" \/> Familie Lahusen Albari\u00f1o 2024 \u2013 94 pts<\/div>\n<\/div>\n<div style=\"display: flex; align-items: center; background: #fff; border: 3px solid #BFA95D; border-radius: 10px; padding: 14px 16px; font-weight: bold; color: #000;\">\n<p><img decoding=\"async\" style=\"height: 64px; margin-right: 12px;\" src=\"https:\/\/bodegaloscerrosdesanjuan.com\/wp-content\/uploads\/2022\/07\/Lahusen-Gewurztraminer-2020.jpg\" alt=\"botella Familie Lahusen Riesling 2024 \u2013 94 pts\" \/><\/p>\n<div style=\"display: flex; align-items: center;\"><img decoding=\"async\" style=\"width: 24px; height: 24px; margin-right: 8px;\" src=\"https:\/\/bodegaloscerrosdesanjuan.com\/wp-content\/uploads\/2025\/07\/medalla-de-oro.png\" alt=\"medalla\" \/> Familie Lahusen Riesling 2024 \u2013 94 pts<\/div>\n<\/div>\n<\/div>\n<h3 style=\"margin-top: 30px; color: #555;\">Vinos tintos y blends que marcan diferencia<\/h3>\n<div style=\"display: grid; grid-template-columns: repeat(auto-fill, minmax(220px, 1fr)); gap: 12px; margin-top: 15px;\">\n<div style=\"display: flex; align-items: center; background: #fff; border: 1px solid #e0e0e0; border-radius: 8px; padding: 8px 10px; color: #333;\">\n<p><img decoding=\"async\" style=\"height: 52px; margin-right: 10px;\" src=\"https:\/\/bodegaloscerrosdesanjuan.com\/wp-content\/uploads\/2022\/07\/Maderos-Tannat-2017.jpg\" alt=\"botella Maderos Tannat 2020 \u2013 93 pts\" \/><\/p>\n<div style=\"display: flex; align-items: center;\"><img decoding=\"async\" style=\"width: 20px; height: 20px; margin-right: 8px;\" src=\"https:\/\/bodegaloscerrosdesanjuan.com\/wp-content\/uploads\/2025\/07\/medalla-de-oro.png\" alt=\"medalla\" \/> Maderos Tannat 2020 \u2013 93 pts<\/div>\n<\/div>\n<div style=\"display: flex; align-items: center; background: #fff; border: 1px solid #e0e0e0; border-radius: 8px; padding: 8px 10px; color: #333;\">\n<p><img decoding=\"async\" style=\"height: 52px; margin-right: 10px;\" src=\"https:\/\/bodegaloscerrosdesanjuan.com\/wp-content\/uploads\/2023\/09\/Vino-Mil-Los-Cerros-de-San-Juan-Blend-Tinto.jpg\" alt=\"botella Mil Red Blend 2020 \u2013 93 pts\" \/><\/p>\n<div style=\"display: flex; align-items: center;\"><img decoding=\"async\" style=\"width: 20px; height: 20px; margin-right: 8px;\" src=\"https:\/\/bodegaloscerrosdesanjuan.com\/wp-content\/uploads\/2025\/07\/medalla-de-oro.png\" alt=\"medalla\" \/> Mil Red Blend 2020 \u2013 93 pts<\/div>\n<\/div>\n<div style=\"display: flex; align-items: center; background: #fff; border: 1px solid #e0e0e0; border-radius: 8px; padding: 8px 10px; color: #333;\">\n<p><img decoding=\"async\" style=\"height: 52px; margin-right: 10px;\" src=\"https:\/\/bodegaloscerrosdesanjuan.com\/wp-content\/uploads\/2022\/07\/Cuna-de-Piedra-Tannat-2019.jpg\" alt=\"botella Cuna de Piedra Reserve Tannat 2022 \u2013 92 pts\" \/><\/p>\n<div style=\"display: flex; align-items: center;\"><img decoding=\"async\" style=\"width: 20px; height: 20px; margin-right: 8px;\" src=\"https:\/\/bodegaloscerrosdesanjuan.com\/wp-content\/uploads\/2025\/07\/medalla-de-oro.png\" alt=\"medalla\" \/> Cuna de Piedra Reserve Tannat 2022 \u2013 92 pts<\/div>\n<\/div>\n<div style=\"display: flex; align-items: center; background: #fff; border: 1px solid #e0e0e0; border-radius: 8px; padding: 8px 10px; color: #333;\">\n<p><img decoding=\"async\" style=\"height: 52px; margin-right: 10px;\" src=\"https:\/\/bodegaloscerrosdesanjuan.com\/wp-content\/uploads\/2022\/07\/Maderos-Cabernet-Franc-2017.jpg\" alt=\"botella Maderos Cabernet Franc 2020 \u2013 92 pts\" \/><\/p>\n<div style=\"display: flex; align-items: center;\"><img decoding=\"async\" style=\"width: 20px; height: 20px; margin-right: 8px;\" src=\"https:\/\/bodegaloscerrosdesanjuan.com\/wp-content\/uploads\/2025\/07\/medalla-de-oro.png\" alt=\"medalla\" \/> Maderos Cabernet Franc 2020 \u2013 92 pts<\/div>\n<\/div>\n<div style=\"display: flex; align-items: center; background: #fff; border: 1px solid #e0e0e0; border-radius: 8px; padding: 8px 10px; color: #333;\">\n<p><img decoding=\"async\" style=\"height: 52px; margin-right: 10px;\" src=\"https:\/\/bodegaloscerrosdesanjuan.com\/wp-content\/uploads\/2022\/07\/Pentavarietal.jpg\" alt=\"botella Pentavarietal 2018 \u2013 92 pts\" \/><\/p>\n<div style=\"display: flex; align-items: center;\"><img decoding=\"async\" style=\"width: 20px; height: 20px; margin-right: 8px;\" src=\"https:\/\/bodegaloscerrosdesanjuan.com\/wp-content\/uploads\/2025\/07\/medalla-de-oro.png\" alt=\"medalla\" \/> Pentavarietal 2018 \u2013 92 pts<\/div>\n<\/div>\n<div style=\"display: flex; align-items: center; background: #fff; border: 1px solid #e0e0e0; border-radius: 8px; padding: 8px 10px; color: #333;\">\n<p><img decoding=\"async\" style=\"height: 52px; margin-right: 10px;\" src=\"https:\/\/bodegaloscerrosdesanjuan.com\/wp-content\/uploads\/2022\/07\/Maderos-Cabernet-Sauvignon-2017.jpg\" alt=\"botella Maderos Cabernet Sauvignon 2020 \u2013 91 pts\" \/><\/p>\n<div style=\"display: flex; align-items: center;\"><img decoding=\"async\" style=\"width: 20px; height: 20px; margin-right: 8px;\" src=\"https:\/\/bodegaloscerrosdesanjuan.com\/wp-content\/uploads\/2025\/07\/medalla-de-oro.png\" alt=\"medalla\" \/> Maderos Cabernet Sauvignon 2020 \u2013 91 pts<\/div>\n<\/div>\n<div style=\"display: flex; align-items: center; background: #fff; border: 1px solid #e0e0e0; border-radius: 8px; padding: 8px 10px; color: #333;\">\n<p><img decoding=\"async\" style=\"height: 52px; margin-right: 10px;\" src=\"https:\/\/bodegaloscerrosdesanjuan.com\/wp-content\/uploads\/2023\/04\/Cuna-de-piedra-estate-cabernet-franc-bodega-los-cerros-de-san-juan.jpg\" alt=\"botella Cuna de Piedra Estate Tannat 2023 \u2013 91 pts\" \/><\/p>\n<div style=\"display: flex; align-items: center;\"><img decoding=\"async\" style=\"width: 20px; height: 20px; margin-right: 8px;\" src=\"https:\/\/bodegaloscerrosdesanjuan.com\/wp-content\/uploads\/2025\/07\/medalla-de-oro.png\" alt=\"medalla\" \/> Cuna de Piedra Estate Tannat 2023 \u2013 91 pts<\/div>\n<\/div>\n<div style=\"display: flex; align-items: center; background: #fff; border: 1px solid #e0e0e0; border-radius: 8px; padding: 8px 10px; color: #333;\">\n<p><img decoding=\"async\" style=\"height: 52px; margin-right: 10px;\" src=\"https:\/\/bodegaloscerrosdesanjuan.com\/wp-content\/uploads\/2022\/07\/Cuna-de-Piedra-Cabernet-Sauvignon-2019.jpg\" alt=\"botella Cuna de Piedra Reserve Cabernet Sauvignon 2022 \u2013 91 pts\" \/><\/p>\n<div style=\"display: flex; align-items: center;\"><img decoding=\"async\" style=\"width: 20px; height: 20px; margin-right: 8px;\" src=\"https:\/\/bodegaloscerrosdesanjuan.com\/wp-content\/uploads\/2025\/07\/medalla-de-oro.png\" alt=\"medalla\" \/> Cuna de Piedra Reserve Cabernet Sauvignon 2022 \u2013 91 pts<\/div>\n<\/div>\n<div style=\"display: flex; align-items: center; background: #fff; border: 1px solid #e0e0e0; border-radius: 8px; padding: 8px 10px; color: #333;\">\n<p><img decoding=\"async\" style=\"height: 52px; margin-right: 10px;\" src=\"https:\/\/bodegaloscerrosdesanjuan.com\/wp-content\/uploads\/2023\/04\/Cuna-de-piedra-estate-cabernet-franc-bodega-los-cerros-de-san-juan.jpg\" alt=\"botella Cuna de Piedra Estate Cabernet Franc 2023 \u2013 90 pts\" \/><\/p>\n<div style=\"display: flex; align-items: center;\"><img decoding=\"async\" style=\"width: 20px; height: 20px; margin-right: 8px;\" src=\"https:\/\/bodegaloscerrosdesanjuan.com\/wp-content\/uploads\/2025\/07\/medalla-de-oro.png\" alt=\"medalla\" \/> Cuna de Piedra Estate Cabernet Franc 2023 \u2013 90 pts<\/div>\n<\/div>\n<div style=\"display: flex; align-items: center; background: #fff; border: 1px solid #e0e0e0; border-radius: 8px; padding: 8px 10px; color: #333;\">\n<p><img decoding=\"async\" style=\"height: 52px; margin-right: 10px;\" src=\"https:\/\/bodegaloscerrosdesanjuan.com\/wp-content\/uploads\/2023\/08\/Cuna-de-piedra-Estate-Marselan.jpg\" alt=\"botella Cuna de Piedra Estate Marselan 2023 \u2013 90 pts\" \/><\/p>\n<div style=\"display: flex; align-items: center;\"><img decoding=\"async\" style=\"width: 20px; height: 20px; margin-right: 8px;\" src=\"https:\/\/bodegaloscerrosdesanjuan.com\/wp-content\/uploads\/2025\/07\/medalla-de-oro.png\" alt=\"medalla\" \/> Cuna de Piedra Estate Marselan 2023 \u2013 90 pts<\/div>\n<\/div>\n<\/div>\n<h3 style=\"margin-top: 30px; color: #555;\">Blancos, rosados y espumosos premiados<\/h3>\n<div style=\"display: grid; grid-template-columns: repeat(auto-fill, minmax(220px, 1fr)); gap: 12px; margin-top: 15px;\">\n<div style=\"display: flex; align-items: center; background: #fff; border: 1px solid #e0e0e0; border-radius: 8px; padding: 8px 10px; color: #333;\">\n<p><img decoding=\"async\" style=\"height: 52px; margin-right: 10px;\" src=\"https:\/\/bodegaloscerrosdesanjuan.com\/wp-content\/uploads\/2022\/07\/Maderos-Blend-de-Blancs-2020.jpg\" alt=\"botella Maderos Blend de Blancs 2024 \u2013 92 pts\" \/><\/p>\n<div style=\"display: flex; align-items: center;\"><img decoding=\"async\" style=\"width: 20px; height: 20px; margin-right: 8px;\" src=\"https:\/\/bodegaloscerrosdesanjuan.com\/wp-content\/uploads\/2025\/07\/medalla-de-oro.png\" alt=\"medalla\" \/> Maderos Blend de Blancs 2024 \u2013 92 pts<\/div>\n<\/div>\n<div style=\"display: flex; align-items: center; background: #fff; border: 1px solid #e0e0e0; border-radius: 8px; padding: 8px 10px; color: #333;\">\n<p><img decoding=\"async\" style=\"height: 52px; margin-right: 10px;\" src=\"https:\/\/bodegaloscerrosdesanjuan.com\/wp-content\/uploads\/2022\/07\/Cuna-de-Piedra-Chardonnay-2020.jpg\" alt=\"botella Cuna de Piedra Reserve Chardonnay 2023 \u2013 91 pts\" \/><\/p>\n<div style=\"display: flex; align-items: center;\"><img decoding=\"async\" style=\"width: 20px; height: 20px; margin-right: 8px;\" src=\"https:\/\/bodegaloscerrosdesanjuan.com\/wp-content\/uploads\/2025\/07\/medalla-de-oro.png\" alt=\"medalla\" \/> Cuna de Piedra Reserve Chardonnay 2023 \u2013 91 pts<\/div>\n<\/div>\n<div style=\"display: flex; align-items: center; background: #fff; border: 1px solid #e0e0e0; border-radius: 8px; padding: 8px 10px; color: #333;\">\n<p><img decoding=\"async\" style=\"height: 52px; margin-right: 10px;\" src=\"https:\/\/bodegaloscerrosdesanjuan.com\/wp-content\/uploads\/2022\/07\/Lahusen-Pinot-Noir-2020.jpg\" alt=\"botella Lahusen Pinot Noir 2024 \u2013 91 pts\" \/><\/p>\n<div style=\"display: flex; align-items: center;\"><img decoding=\"async\" style=\"width: 20px; height: 20px; margin-right: 8px;\" src=\"https:\/\/bodegaloscerrosdesanjuan.com\/wp-content\/uploads\/2025\/07\/medalla-de-oro.png\" alt=\"medalla\" \/> Lahusen Pinot Noir 2024 \u2013 91 pts<\/div>\n<\/div>\n<div style=\"display: flex; align-items: center; background: #fff; border: 1px solid #e0e0e0; border-radius: 8px; padding: 8px 10px; color: #333;\">\n<p><img decoding=\"async\" style=\"height: 52px; margin-right: 10px;\" src=\"https:\/\/bodegaloscerrosdesanjuan.com\/wp-content\/uploads\/2023\/04\/Lahusen-pinot-rose-bodega-los-cerros-de-san-juan.jpg\" alt=\"botella Lahusen Ros\u00e9 2024 \u2013 91 pts\" \/><\/p>\n<div style=\"display: flex; align-items: center;\"><img decoding=\"async\" style=\"width: 20px; height: 20px; margin-right: 8px;\" src=\"https:\/\/bodegaloscerrosdesanjuan.com\/wp-content\/uploads\/2025\/07\/medalla-de-oro.png\" alt=\"medalla\" \/> Lahusen Ros\u00e9 2024 \u2013 91 pts<\/div>\n<\/div>\n<div style=\"display: flex; align-items: center; background: #fff; border: 1px solid #e0e0e0; border-radius: 8px; padding: 8px 10px; color: #333;\">\n<p><img decoding=\"async\" style=\"height: 52px; margin-right: 10px;\" src=\"https:\/\/bodegaloscerrosdesanjuan.com\/wp-content\/uploads\/2023\/04\/Cuna-de-piedra-estate-sauvignon-blanc-bodega-los-cerros-de-san-juan.jpg\" alt=\"botella Cuna de Piedra Estate Sauvignon Blanc 2023 \u2013 90 pts\" \/><\/p>\n<div style=\"display: flex; align-items: center;\"><img decoding=\"async\" style=\"width: 20px; height: 20px; margin-right: 8px;\" src=\"https:\/\/bodegaloscerrosdesanjuan.com\/wp-content\/uploads\/2025\/07\/medalla-de-oro.png\" alt=\"medalla\" \/> Cuna de Piedra Estate Sauvignon Blanc 2023 \u2013 90 pts<\/div>\n<\/div>\n<div style=\"display: flex; align-items: center; background: #fff; border: 1px solid #e0e0e0; border-radius: 8px; padding: 8px 10px; color: #333;\">\n<p><img decoding=\"async\" style=\"height: 52px; margin-right: 10px;\" src=\"https:\/\/bodegaloscerrosdesanjuan.com\/wp-content\/uploads\/2022\/07\/Lahusen-Gewurztraminer-2020.jpg\" alt=\"botella Lahusen Gew\u00fcrztraminer 2024 \u2013 90 pts\" \/><\/p>\n<div style=\"display: flex; align-items: center;\"><img decoding=\"async\" style=\"width: 20px; height: 20px; margin-right: 8px;\" src=\"https:\/\/bodegaloscerrosdesanjuan.com\/wp-content\/uploads\/2025\/07\/medalla-de-oro.png\" alt=\"medalla\" \/> Lahusen Gew\u00fcrztraminer 2024 \u2013 90 pts<\/div>\n<\/div>\n<div style=\"display: flex; align-items: center; background: #fff; border: 1px solid #e0e0e0; border-radius: 8px; padding: 8px 10px; color: #333;\">\n<p><img decoding=\"async\" style=\"height: 52px; margin-right: 10px;\" src=\"https:\/\/bodegaloscerrosdesanjuan.com\/wp-content\/uploads\/2022\/07\/Lahusen-Extra-Brut-Rose.jpg\" alt=\"botella Lahusen Extra Brut Ros\u00e9 \u2013 90 pts\" \/><\/p>\n<div style=\"display: flex; align-items: center;\"><img decoding=\"async\" style=\"width: 20px; height: 20px; margin-right: 8px;\" src=\"https:\/\/bodegaloscerrosdesanjuan.com\/wp-content\/uploads\/2025\/07\/medalla-de-oro.png\" alt=\"medalla\" \/> Lahusen Extra Brut Ros\u00e9 \u2013 90 pts<\/div>\n<\/div>\n<\/div>\n<div style=\"background-color: #f9f9f9; padding: 30px 20px; border-radius: 12px; margin-top: 40px; text-align: center; border: 1px solid #e0e0e0;\">\n<h3 style=\"color: #bfa95d;\">Un reconocimiento al esfuerzo y la visi\u00f3n<\/h3>\n<p>Estos <strong>19 vinos distinguidos por Tim Atkin<\/strong> confirman nuestro compromiso con la calidad, la innovaci\u00f3n y la expresi\u00f3n aut\u00e9ntica de los vinos uruguayos. Cada puntaje es un reconocimiento al trabajo de nuestro equipo en vi\u00f1edo y bodega, y una invitaci\u00f3n para que m\u00e1s amantes del vino descubran la riqueza y diversidad de nuestras etiquetas. Pod\u00e9s ver m\u00e1s en la <a style=\"color: #bfa95d; font-weight: 600;\" href=\"https:\/\/timatkin.com\/\" target=\"_blank\" rel=\"noopener\">Gu\u00eda Tim Atkin 2025<\/a>.<\/p>\n<div style=\"margin-top: 20px;\">Visit\u00e1 la bodega, descubr\u00ed nuestras ra\u00edces y viv\u00ed la experiencia completa. <a style=\"background-color: #bfa95d; color: #fff; font-size: 15px; padding: 12px 24px; border-radius: 6px; font-weight: 600; text-decoration: none; transition: background 0.3s;\" href=\"https:\/\/bodegaloscerrosdesanjuan.com\/en\/reservas\/\"> Reservar visita a la bodega <\/a><\/div>\n<\/div>","protected":false},"excerpt":{"rendered":"<p>Este reconocimiento internacional vuelve a destacar la calidad y diversidad de nuestra bodega, consolidando a Los Cerros de San Juan<\/p>","protected":false},"author":21,"featured_media":12618,"comment_status":"closed","ping_status":"closed","sticky":false,"template":"","format":"standard","meta":{"footnotes":""},"categories":[1],"tags":[],"class_list":["post-12617","post","type-post","status-publish","format-standard","has-post-thumbnail","hentry","category-noticias"],"_links":{"self":[{"href":"https:\/\/bodegaloscerrosdesanjuan.com\/en\/wp-json\/wp\/v2\/posts\/12617","targetHints":{"allow":["GET"]}}],"collection":[{"href":"https:\/\/bodegaloscerrosdesanjuan.com\/en\/wp-json\/wp\/v2\/posts"}],"about":[{"href":"https:\/\/bodegaloscerrosdesanjuan.com\/en\/wp-json\/wp\/v2\/types\/post"}],"author":[{"embeddable":true,"href":"https:\/\/bodegaloscerrosdesanjuan.com\/en\/wp-json\/wp\/v2\/users\/21"}],"replies":[{"embeddable":true,"href":"https:\/\/bodegaloscerrosdesanjuan.com\/en\/wp-json\/wp\/v2\/comments?post=12617"}],"version-history":[{"count":26,"href":"https:\/\/bodegaloscerrosdesanjuan.com\/en\/wp-json\/wp\/v2\/posts\/12617\/revisions"}],"predecessor-version":[{"id":13035,"href":"https:\/\/bodegaloscerrosdesanjuan.com\/en\/wp-json\/wp\/v2\/posts\/12617\/revisions\/13035"}],"wp:featuredmedia":[{"embeddable":true,"href":"https:\/\/bodegaloscerrosdesanjuan.com\/en\/wp-json\/wp\/v2\/media\/12618"}],"wp:attachment":[{"href":"https:\/\/bodegaloscerrosdesanjuan.com\/en\/wp-json\/wp\/v2\/media?parent=12617"}],"wp:term":[{"taxonomy":"category","embeddable":true,"href":"https:\/\/bodegaloscerrosdesanjuan.com\/en\/wp-json\/wp\/v2\/categories?post=12617"},{"taxonomy":"post_tag","embeddable":true,"href":"https:\/\/bodegaloscerrosdesanjuan.com\/en\/wp-json\/wp\/v2\/tags?post=12617"}],"curies":[{"name":"wp","href":"https:\/\/api.w.org\/{rel}","templated":true}]}}