{"id":12337,"date":"2025-06-02T13:57:12","date_gmt":"2025-06-02T16:57:12","guid":{"rendered":"https:\/\/bodegaloscerrosdesanjuan.com\/?p=12337"},"modified":"2026-01-14T11:31:17","modified_gmt":"2026-01-14T14:31:17","slug":"cordero-tannat-en-los-cerros-de-san-juan-7-y-8-de-junio","status":"publish","type":"post","link":"https:\/\/bodegaloscerrosdesanjuan.com\/en\/eventos\/cordero-tannat-en-los-cerros-de-san-juan-7-y-8-de-junio\/","title":{"rendered":"Cordero &#038; Tannat en Los Cerros de San Juan \u2013 7 y 8 de junio"},"content":{"rendered":"<p>En el restaurante <strong>Almac\u00e9n de Piedra<\/strong>, celebramos dos grandes protagonistas de nuestra identidad: el <strong>cordero uruguayo<\/strong> y el <strong>vino Tannat<\/strong> de alta gama.<\/p>\n<h3>Visita guiada + almuerzo maridado con Tannat<\/h3>\n<p>La jornada comienza con una <strong>visita guiada<\/strong> por la bodega hist\u00f3rica, donde los visitantes podr\u00e1n conocer su patrimonio vitivin\u00edcola, el proceso de elaboraci\u00f3n y las innovaciones que permiten seguir creando vinos de excelencia.<\/p>\n<p>Luego, el punto culminante: un <strong>almuerzo de tres pasos<\/strong>, cuidadosamente dise\u00f1ado para lograr el maridaje perfecto con tres Tannat seleccionados:<\/p>\n<div style=\"display: flex; flex-wrap: wrap; gap: 20px; justify-content: space-between; margin: 30px 0;\">\n<div style=\"flex: 1 1 30%; background-color: #f5f5f5; padding: 20px; border-radius: 12px; text-align: center; box-shadow: 0 4px 10px rgba(0,0,0,0.05); position: relative;\">\n<div style=\"position: absolute; top: -15px; left: 15px; background-color: #8b0000; color: white; font-weight: bold; padding: 6px 12px; border-radius: 50px; font-size: 14px;\">1<\/div>\n<p><img decoding=\"async\" style=\"width: 40px; height: auto; margin-bottom: 10px;\" src=\"https:\/\/bodegaloscerrosdesanjuan.com\/wp-content\/uploads\/2025\/06\/icon-tintos-removebg-preview.png\" alt=\"Copa de vino\" \/><\/p>\n<p style=\"font-weight: bold; margin: 0;\">Cuna de Piedra Estate<\/p>\n<\/div>\n<div style=\"flex: 1 1 30%; background-color: #f5f5f5; padding: 20px; border-radius: 12px; text-align: center; box-shadow: 0 4px 10px rgba(0,0,0,0.05); position: relative;\">\n<div style=\"position: absolute; top: -15px; left: 15px; background-color: #8b0000; color: white; font-weight: bold; padding: 6px 12px; border-radius: 50px; font-size: 14px;\">2<\/div>\n<p><img decoding=\"async\" style=\"width: 40px; height: auto; margin-bottom: 10px;\" src=\"https:\/\/bodegaloscerrosdesanjuan.com\/wp-content\/uploads\/2025\/06\/icon-tintos-removebg-preview.png\" alt=\"Copa de vino\" \/><\/p>\n<p style=\"font-weight: bold; margin: 0;\">Cuna de Piedra Reserve<\/p>\n<\/div>\n<div style=\"flex: 1 1 30%; background-color: #f5f5f5; padding: 20px; border-radius: 12px; text-align: center; box-shadow: 0 4px 10px rgba(0,0,0,0.05); position: relative;\">\n<div style=\"position: absolute; top: -15px; left: 15px; background-color: #8b0000; color: white; font-weight: bold; padding: 6px 12px; border-radius: 50px; font-size: 14px;\">3<\/div>\n<p><img decoding=\"async\" style=\"width: 40px; height: auto; margin-bottom: 10px;\" src=\"https:\/\/bodegaloscerrosdesanjuan.com\/wp-content\/uploads\/2025\/06\/icon-tintos-removebg-preview.png\" alt=\"Copa de vino\" \/><\/p>\n<p style=\"font-weight: bold; margin: 0;\">Maderos Gran Reserva<\/p>\n<\/div>\n<\/div>\n<h3>Men\u00fa maridado<\/h3>\n<p>Una propuesta pensada para los amantes del buen comer, el vino uruguayo y el enoturismo. Todo en un entorno donde la naturaleza, la historia y los sabores se encuentran.<\/p>\n<div style=\"display: flex; flex-wrap: wrap; gap: 20px; justify-content: space-between; margin: 30px 0;\">\n<p><!-- Entrada --><\/p>\n<div style=\"flex: 1 1 29%; background-color: #f5f5f5; padding: 20px; border-radius: 12px; text-align: center; box-shadow: 0 4px 10px rgba(0,0,0,0.05); position: relative;\">\n<div style=\"position: absolute; top: -15px; left: 15px; background-color: #8b0000; color: white; font-weight: bold; padding: 6px 12px; border-radius: 50px; font-size: 14px;\">1<\/div>\n<p><img decoding=\"async\" style=\"max-height: 100px; width: auto; margin-bottom: 10px;\" src=\"https:\/\/bodegaloscerrosdesanjuan.com\/wp-content\/uploads\/2025\/06\/Cappelletti-frito-de-cordero-con-salsa-criolla.png\" alt=\"Cappelletti frito de cordero con salsa criolla\" \/><\/p>\n<p style=\"font-weight: bold; margin: 0;\">Entrada<\/p>\n<p style=\"margin: 0;\">Cappelletti frito de cordero con salsa criolla<\/p>\n<\/div>\n<p><!-- Principal --><\/p>\n<div style=\"flex: 1 1 29%; background-color: #f5f5f5; padding: 20px; border-radius: 12px; text-align: center; box-shadow: 0 4px 10px rgba(0,0,0,0.05); position: relative;\">\n<div style=\"position: absolute; top: -15px; left: 15px; background-color: #8b0000; color: white; font-weight: bold; padding: 6px 12px; border-radius: 50px; font-size: 14px;\">2<\/div>\n<p><img decoding=\"async\" style=\"max-height: 100px; width: auto; margin-bottom: 10px;\" src=\"https:\/\/bodegaloscerrosdesanjuan.com\/wp-content\/uploads\/2025\/06\/Rack-de-cordero-con-gajos-de-cabutia-asado-y-reduccion-de-Tannat.png\" alt=\"Rack de cordero con gajos de cabutia asado y reducci\u00f3n de Tannat\" \/><\/p>\n<p style=\"font-weight: bold; margin: 0;\">Principal<\/p>\n<p style=\"margin: 0;\">Rack de cordero con gajos de cabutia asado y reducci\u00f3n de Tannat<\/p>\n<\/div>\n<p><!-- Postre --><\/p>\n<div style=\"flex: 1 1 29%; background-color: #f5f5f5; padding: 20px; border-radius: 12px; text-align: center; box-shadow: 0 4px 10px rgba(0,0,0,0.05); position: relative;\">\n<div style=\"position: absolute; top: -15px; left: 15px; background-color: #8b0000; color: white; font-weight: bold; padding: 6px 12px; border-radius: 50px; font-size: 14px;\">3<\/div>\n<p><img decoding=\"async\" style=\"max-height: 100px; width: auto; margin-bottom: 10px;\" src=\"https:\/\/bodegaloscerrosdesanjuan.com\/wp-content\/uploads\/2025\/06\/Peras-al-Tannat-con-crema-citrica.png\" alt=\"Peras al Tannat con crema c\u00edtrica\" \/><\/p>\n<p style=\"font-weight: bold; margin: 0;\">Postre<\/p>\n<p style=\"margin: 0;\">Peras al Tannat con crema c\u00edtrica<\/p>\n<\/div>\n<\/div>\n<h3 style=\"margin-top: 40px;\">Informaci\u00f3n del evento<\/h3>\n<p><!-- Fila horizontal de Fechas y Precio (100% de ancho compartido) --><\/p>\n<div style=\"display: flex; flex-wrap: wrap; gap: 10px; justify-content: space-between; margin-top: 30px;\">\n<p><!-- Fechas --><\/p>\n<div style=\"flex: 1 1 48%; background-color: #fefefe; padding: 20px; border-radius: 12px; text-align: center; border: 1px solid #ddd;\">\n<p style=\"font-weight: bold; margin: 10px 0 5px;\">Fechas<\/p>\n<p style=\"margin: 0;\">S\u00e1bado 7 y domingo 8 de junio<\/p>\n<\/div>\n<p><!-- Precio --><\/p>\n<div style=\"flex: 1 1 48%; background-color: #fefefe; padding: 20px; border-radius: 12px; text-align: center; border: 1px solid #ddd;\">\n<p style=\"font-weight: bold; margin: 10px 0 5px;\">Precio<\/p>\n<p style=\"margin: 0;\">$1950 por persona<\/p>\n<\/div>\n<\/div>\n<p><!-- Bonus track a ancho completo --><\/p>\n<div style=\"margin-top: 20px;\">\n<div style=\"background-color: #fff8f0; padding: 20px; border-radius: 12px; text-align: center; border: 1px solid #8B0000; width: 100%;\">\n<p style=\"font-weight: bold; margin: 10px 0 5px;\">Bonus track<\/p>\n<p style=\"margin: 0; font-size: 14px;\">10% off en todos los<br \/>\nTannat durante el evento<\/p>\n<\/div>\n<\/div>\n<p><!-- Bot\u00f3n CTA centrado --><\/p>\n<div style=\"text-align: center; margin-top: 20px;\"><a style=\"background-color: #c6ad63; padding: 20px; color: white; border-radius: 8px; text-decoration: none; font-weight: bold; font-size: 16px; display: inline-block;\" href=\"https:\/\/wa.me\/59891949494?text=Hola%2C%20quiero%20reservar%20para%20el%20evento%20Cordero%20y%20Tannat\" target=\"_blank\" rel=\"noopener\">Reservar por WhatsApp<br \/>\n<\/a><\/div>\n<h3 style=\"margin-top: 50px;\">\u00bfPor qu\u00e9 vivir esta experiencia?<\/h3>\n<div style=\"display: flex; flex-wrap: wrap; gap: 20px; margin-top: 20px;\">\n<div style=\"flex: 1 1 45%; background-color: #fefefe; padding: 20px; border-radius: 12px; border: 1px solid #ddd;\">\n<p style=\"margin: 0;\">Disfrut\u00e1 del mejor maridaje entre <strong>cordero y Tannat<\/strong>, \u00edconos de la gastronom\u00eda nacional<\/p>\n<\/div>\n<div style=\"flex: 1 1 45%; background-color: #fefefe; padding: 20px; border-radius: 12px; border: 1px solid #ddd;\">\n<p style=\"margin: 0;\">Conoc\u00e9 de cerca una <strong>bodega con 170 a\u00f1os de historia<\/strong><\/p>\n<\/div>\n<div style=\"flex: 1 1 45%; background-color: #fefefe; padding: 20px; border-radius: 12px; border: 1px solid #ddd;\">\n<p style=\"margin: 0;\">Degust\u00e1 <strong>vinos de alta gama<\/strong> en un ambiente aut\u00e9ntico y acogedor<\/p>\n<\/div>\n<div style=\"flex: 1 1 45%; background-color: #fefefe; padding: 20px; border-radius: 12px; border: 1px solid #ddd;\">\n<p style=\"margin: 0;\">Viv\u00ed el <strong>enoturismo en Uruguay<\/strong> como nunca antes<\/p>\n<\/div>\n<\/div>\n<div style=\"background-color: #f9f9f9; padding: 30px 20px; border-radius: 12px; margin-top: 40px; text-align: center; border: 1px solid #e0e0e0;\">\n<p style=\"font-size: 16px; font-weight: bold; margin: 0 0 10px;\">Cupos limitados.<\/p>\n<p style=\"margin: 0 0 10px;\">Viv\u00ed el sabor de la historia, en cada copa y en cada plato.<\/p>\n<p style=\"font-size: 16px; font-weight: bold; margin: 0;\">Te esperamos en Los Cerros de San Juan.<\/p>\n<\/div>","protected":false},"excerpt":{"rendered":"<p>En el restaurante Almac\u00e9n de Piedra, celebramos dos grandes protagonistas de nuestra identidad: el cordero uruguayo y el vino Tannat<\/p>","protected":false},"author":21,"featured_media":12387,"comment_status":"closed","ping_status":"closed","sticky":false,"template":"","format":"standard","meta":{"footnotes":""},"categories":[73,1],"tags":[],"class_list":["post-12337","post","type-post","status-publish","format-standard","has-post-thumbnail","hentry","category-eventos","category-noticias"],"_links":{"self":[{"href":"https:\/\/bodegaloscerrosdesanjuan.com\/en\/wp-json\/wp\/v2\/posts\/12337","targetHints":{"allow":["GET"]}}],"collection":[{"href":"https:\/\/bodegaloscerrosdesanjuan.com\/en\/wp-json\/wp\/v2\/posts"}],"about":[{"href":"https:\/\/bodegaloscerrosdesanjuan.com\/en\/wp-json\/wp\/v2\/types\/post"}],"author":[{"embeddable":true,"href":"https:\/\/bodegaloscerrosdesanjuan.com\/en\/wp-json\/wp\/v2\/users\/21"}],"replies":[{"embeddable":true,"href":"https:\/\/bodegaloscerrosdesanjuan.com\/en\/wp-json\/wp\/v2\/comments?post=12337"}],"version-history":[{"count":59,"href":"https:\/\/bodegaloscerrosdesanjuan.com\/en\/wp-json\/wp\/v2\/posts\/12337\/revisions"}],"predecessor-version":[{"id":13058,"href":"https:\/\/bodegaloscerrosdesanjuan.com\/en\/wp-json\/wp\/v2\/posts\/12337\/revisions\/13058"}],"wp:featuredmedia":[{"embeddable":true,"href":"https:\/\/bodegaloscerrosdesanjuan.com\/en\/wp-json\/wp\/v2\/media\/12387"}],"wp:attachment":[{"href":"https:\/\/bodegaloscerrosdesanjuan.com\/en\/wp-json\/wp\/v2\/media?parent=12337"}],"wp:term":[{"taxonomy":"category","embeddable":true,"href":"https:\/\/bodegaloscerrosdesanjuan.com\/en\/wp-json\/wp\/v2\/categories?post=12337"},{"taxonomy":"post_tag","embeddable":true,"href":"https:\/\/bodegaloscerrosdesanjuan.com\/en\/wp-json\/wp\/v2\/tags?post=12337"}],"curies":[{"name":"wp","href":"https:\/\/api.w.org\/{rel}","templated":true}]}}